{"id":4792,"date":"2020-02-10T18:05:54","date_gmt":"2020-02-10T17:05:54","guid":{"rendered":"http:\/\/xn--les-archers-de-vina-nyb.fr\/?p=4792"},"modified":"2020-04-03T14:28:24","modified_gmt":"2020-04-03T12:28:24","slug":"champ-ligue-jeunes-a-auch","status":"publish","type":"post","link":"http:\/\/xn--les-archers-de-vina-nyb.fr\/?p=4792","title":{"rendered":"CHAMP. LIGUE JEUNES AUCH"},"content":{"rendered":"<h2 style=\"text-align: center;\"><span style=\"color: #0000ff;\"><strong>CHAMPIONNAT DE LIGUE JEUNES A AUCH<\/strong><\/span><\/h2>\n<h2 style=\"text-align: center;\"><span style=\"color: #0000ff;\"><strong>8 ET 9 FEVRIER 2020<\/strong><\/span><\/h2>\n<p><strong><span style=\"color: #0000ff;\">Cette ann\u00e9e encore nos jeunes ce sont qualifi\u00e9s pour les championnats de ligue Occitanie ; Margot, en minime classique, a fait un bon parcours car aux tirs de qualification elle finit dixi\u00e8me en r\u00e9alisant sa meilleur performance en salle (522), et perd en duel en se battant de son mieux face \u00e0 une adversaire trop forte ce jour l\u00e0. Aur\u00e9lien, pour sa premi\u00e8re ann\u00e9e en junior compound, monte sur la troisi\u00e8me marche.<\/span><\/strong><\/p>\n<p><strong><span style=\"color: #0000ff;\">Bravo les jeunes pour vos r\u00e9sultats et bravo aussi aux supporters qui ont fait le d\u00e9placement ainsi que le pr\u00e9sident du CD des PO.<\/span><\/strong><\/p>\n\n\n<div class=\"wp-block-image\"><figure class=\"aligncenter is-resized\"><a href=\"http:\/\/les-archers-de-vin\u00e7a.fr\/?page_id=4788\"><img loading=\"lazy\" src=\"http:\/\/xn--les-archers-de-vina-nyb.fr\/wp-content\/uploads\/2020\/03\/2020-capture-14c.png\" alt=\"\" class=\"wp-image-4789\" width=\"312\" height=\"196\" srcset=\"http:\/\/xn--les-archers-de-vina-nyb.fr\/wp-content\/uploads\/2020\/03\/2020-capture-14c.png 623w, http:\/\/xn--les-archers-de-vina-nyb.fr\/wp-content\/uploads\/2020\/03\/2020-capture-14c-300x189.png 300w\" sizes=\"(max-width: 312px) 100vw, 312px\" \/><\/a><figcaption><em>Cliquez pour voir les photos !<\/em><\/figcaption><\/figure><\/div>\n\n\n\n<div class=\"wp-block-image\"><figure class=\"aligncenter is-resized\"><img loading=\"lazy\" src=\"http:\/\/xn--les-archers-de-vina-nyb.fr\/wp-content\/uploads\/2017\/12\/signature_8.gif\" alt=\"\" class=\"wp-image-2691\" width=\"133\" height=\"41\"\/><\/figure><\/div>\n","protected":false},"excerpt":{"rendered":"<p>CHAMPIONNAT DE LIGUE JEUNES A AUCH 8 ET 9 FEVRIER 2020 Cette ann\u00e9e encore nos jeunes ce sont qualifi\u00e9s pour les championnats de ligue Occitanie ; Margot, en minime classique, a fait un bon parcours car aux tirs de qualification elle finit dixi\u00e8me en r\u00e9alisant sa meilleur performance en salle (522), et perd en duel &hellip; <a href=\"http:\/\/xn--les-archers-de-vina-nyb.fr\/?p=4792\" class=\"more-link\">Continuer la lecture de <span class=\"screen-reader-text\">CHAMP. LIGUE JEUNES AUCH<\/span> <span class=\"meta-nav\">&rarr;<\/span><\/a><\/p>\n","protected":false},"author":2,"featured_media":0,"comment_status":"closed","ping_status":"closed","sticky":false,"template":"","format":"standard","meta":[],"categories":[1],"tags":[],"_links":{"self":[{"href":"http:\/\/xn--les-archers-de-vina-nyb.fr\/index.php?rest_route=\/wp\/v2\/posts\/4792"}],"collection":[{"href":"http:\/\/xn--les-archers-de-vina-nyb.fr\/index.php?rest_route=\/wp\/v2\/posts"}],"about":[{"href":"http:\/\/xn--les-archers-de-vina-nyb.fr\/index.php?rest_route=\/wp\/v2\/types\/post"}],"author":[{"embeddable":true,"href":"http:\/\/xn--les-archers-de-vina-nyb.fr\/index.php?rest_route=\/wp\/v2\/users\/2"}],"replies":[{"embeddable":true,"href":"http:\/\/xn--les-archers-de-vina-nyb.fr\/index.php?rest_route=%2Fwp%2Fv2%2Fcomments&post=4792"}],"version-history":[{"count":12,"href":"http:\/\/xn--les-archers-de-vina-nyb.fr\/index.php?rest_route=\/wp\/v2\/posts\/4792\/revisions"}],"predecessor-version":[{"id":4873,"href":"http:\/\/xn--les-archers-de-vina-nyb.fr\/index.php?rest_route=\/wp\/v2\/posts\/4792\/revisions\/4873"}],"wp:attachment":[{"href":"http:\/\/xn--les-archers-de-vina-nyb.fr\/index.php?rest_route=%2Fwp%2Fv2%2Fmedia&parent=4792"}],"wp:term":[{"taxonomy":"category","embeddable":true,"href":"http:\/\/xn--les-archers-de-vina-nyb.fr\/index.php?rest_route=%2Fwp%2Fv2%2Fcategories&post=4792"},{"taxonomy":"post_tag","embeddable":true,"href":"http:\/\/xn--les-archers-de-vina-nyb.fr\/index.php?rest_route=%2Fwp%2Fv2%2Ftags&post=4792"}],"curies":[{"name":"wp","href":"https:\/\/api.w.org\/{rel}","templated":true}]}}